{"id":97873,"date":"2022-11-08T12:25:36","date_gmt":"2022-11-08T12:25:36","guid":{"rendered":"https:\/\/svet-zeny.cz\/?p=97873"},"modified":"2023-04-11T17:15:06","modified_gmt":"2023-04-11T17:15:06","slug":"vyhody-prace-s-ubytovanim-v-ceske-republice","status":"publish","type":"post","link":"https:\/\/svet-zeny.cz\/?p=97873","title":{"rendered":"V\u00fdhody pr\u00e1ce s ubytov\u00e1n\u00edm v \u010cesk\u00e9 republice"},"content":{"rendered":"\n<p class=\"wp-block-paragraph\"><em>Pr\u00e1ce s ubytov\u00e1n\u00edm v \u010cesk\u00e9 republice je st\u00e1le popul\u00e1rn\u011bj\u0161\u00ed. D\u016fvodem je \u0159ada v\u00fdhod, kter\u00e9 pr\u00e1ce s ubytov\u00e1n\u00edm p\u0159in\u00e1\u0161\u00ed. Bydl\u00edte-li daleko a va\u0161e vysn\u011bn\u00e1 pr\u00e1ce je v jin\u00e9m m\u011bst\u011b \u010di jen pot\u0159ebujete zm\u011bnit zam\u011bstn\u00e1n\u00ed a neda\u0159\u00ed se v\u00e1m naj\u00edt to spr\u00e1vn\u00e9 bydlen\u00ed, pr\u00e1ce s ubytov\u00e1n\u00edm je t\u00edm p\u00e1dem pro v\u00e1s to nejlep\u0161\u00ed \u0159e\u0161en\u00ed! V tomto \u010dl\u00e1nku se dozv\u00edte v\u0161echny v\u00fdhody, pro\u010d si vybrat pr\u00e1v\u011b tuto mo\u017enost a jak ud\u011blat prvn\u00ed krok!&nbsp;<\/em><\/p>\n\n\n\n<p class=\"wp-block-paragraph\">Zaj\u00edmaj\u00ed v\u00e1s hlavn\u00ed v\u00fdhody <a href=\"https:\/\/arwa.cz\/pro-uchazece\/nabidky-prace-s-ubytovanim\/\">pr\u00e1ce s ubytov\u00e1n\u00edm<\/a>? <strong>Zde je n\u011bkolik z nich<\/strong>!&nbsp;<\/p>\n\n\n\n<h3 class=\"wp-block-heading\">1.) V\u011bt\u0161\u00ed spokojenost s prac\u00ed<\/h3>\n\n\n\n<p class=\"wp-block-paragraph\">Kdy\u017e <strong>pracujete s ubytov\u00e1n\u00edm<\/strong>, je pravd\u011bpodobn\u00e9, \u017ee budete se svou prac\u00ed <strong>spokojen\u011bj\u0161\u00ed<\/strong>. To proto, \u017ee budete m\u00edt pr\u00e1ci ve stejn\u00e9m m\u011bst\u011b a \u010dasti i bl\u00edzko sv\u00e9ho domova. Nemus\u00edte se tedy ob\u00e1vat dlouh\u00e9ho doj\u00ed\u017ed\u011bn\u00ed dom\u016f v pozdn\u00ed hodiny ve\u010der a naopak r\u00e1no op\u011bt brzy vst\u00e1vat do pr\u00e1ce. Spole\u010dnost <a href=\"https:\/\/arwa.cz\">Arwa<\/a> se postar\u00e1 o to, abyste byli <strong>spokojeni<\/strong> jak se svou prac\u00ed, tak se sv\u00fdm domovem a najde pro v\u00e1s <strong>to prav\u00e9<\/strong>!&nbsp;<\/p>\n\n\n\n<h3 class=\"wp-block-heading\">2.) Nem\u00e1te \u017e\u00e1dn\u00fd m\u011bs\u00ed\u010dn\u00ed z\u00e1vazek<\/h3>\n\n\n\n<p class=\"wp-block-paragraph\"><strong>Nem\u00e1te \u017e\u00e1dn\u00fd m\u011bs\u00ed\u010dn\u00ed z\u00e1vazek<\/strong>, proto\u017ee smlouva o pron\u00e1jmu je uzav\u0159ena mezi poskytovatelem person\u00e1ln\u00edch slu\u017eeb a pronaj\u00edmatelem.&nbsp;<\/p>\n\n\n\n<h3 class=\"wp-block-heading\">3.) Pln\u011b vybaven\u00fd byt<\/h3>\n\n\n\n<p class=\"wp-block-paragraph\">Dostanete <strong>za\u0159\u00edzen\u00fd byt<\/strong> k pln\u00e9mu u\u017e\u00edv\u00e1n\u00ed. Nemus\u00edte nic za\u0159izovat ani sh\u00e1n\u011bt nov\u00e9 vybaven\u00ed! V\u0161e je pro v\u00e1s p\u0159ipraveno. Budete se c\u00edtit jako doma a odpo\u010dinete si po dlouh\u00e9m dni v pr\u00e1ci.&nbsp;<\/p>\n\n\n\n<h3 class=\"wp-block-heading\">4.) Ubytov\u00e1n\u00ed je vhodn\u00e9 tak\u00e9 pro p\u00e1ry&nbsp;<\/h3>\n\n\n\n<p class=\"wp-block-paragraph\"><strong>Jako p\u00e1r<\/strong> m\u016f\u017eete vyu\u017e\u00edvat byt<strong> pro sebe<\/strong>, pokud oba p\u0159ijmete pr\u00e1ci s ubytov\u00e1n\u00edm u spole\u010dnosti <strong>ARWA<\/strong>. M\u016f\u017eete tak tr\u00e1vit \u010das spole\u010dn\u011b a nemus\u00edte se b\u00e1t odlou\u010den\u00ed!&nbsp;<\/p>\n\n\n\n<h3 class=\"wp-block-heading\">5.) Mo\u017enost v\u00fdb\u011bru&nbsp;<\/h3>\n\n\n\n<p class=\"wp-block-paragraph\">M\u016f\u017eete si vybrat z n\u011bkolika pracovn\u00edch m\u00edst s ubytov\u00e1n\u00edm. Velmi obl\u00edben\u00e9 jsou <strong>sez\u00f3nn\u00ed<\/strong> <strong>pr\u00e1ce<\/strong> a <strong>gastronomie<\/strong>, <a href=\"https:\/\/arwa.cz\/pro-uchazece\/nabidky-prace-s-ubytovanim\/\">pr\u00e1ce s ubytov\u00e1n\u00edm<\/a>.<\/p>\n\n\n\n<h3 class=\"wp-block-heading\">6.) Mo\u017enost cestovat<\/h3>\n\n\n\n<p class=\"wp-block-paragraph\">P\u0159i pr\u00e1ci s ubytovac\u00edmi za\u0159\u00edzen\u00edmi budete m\u00edt \u010dasto mo\u017enost cestovat. Je to proto, \u017ee mnoho podnik\u016f, kter\u00e9 nab\u00edzej\u00ed ubytov\u00e1n\u00ed, se nach\u00e1z\u00ed v r\u016fzn\u00fdch \u010d\u00e1stech sv\u011bta. D\u00edky tomu budete m\u00edt mo\u017enost poznat r\u016fzn\u00e9 \u010d\u00e1sti sv\u011bta a z\u00e1rove\u0148 budete za svou pr\u00e1ci dost\u00e1vat mzdu.&nbsp;<\/p>\n\n\n\n<h3 class=\"wp-block-heading\">7.) P\u0159\u00edle\u017eitost poznat nov\u00e9 lidi<\/h3>\n\n\n\n<p class=\"wp-block-paragraph\">A kone\u010dn\u011b, pr\u00e1ce s ubytov\u00e1n\u00edm v\u00e1m tak\u00e9 m\u016f\u017ee poskytnout p\u0159\u00edle\u017eitost poznat nov\u00e9 lidi. Budete toti\u017e pracovat s lidmi z cel\u00e9ho sv\u011bta, kte\u0159\u00ed se p\u0159ijedou ubytovat do stejn\u00e9ho domu nebo jin\u00e9ho podniku. D\u00edky tomu budete moci <strong>nav\u00e1zat nov\u00e1 p\u0159\u00e1telstv\u00ed<\/strong> a <strong>roz\u0161\u00ed\u0159it<\/strong> <strong>svou<\/strong> <strong>s\u00ed\u0165<\/strong> <strong>kontakt\u016f<\/strong>.&nbsp;<\/p>\n\n\n\n<h2 class=\"wp-block-heading\">Nebojte se n\u00e1s kontaktovat!&nbsp;<\/h2>\n\n\n\n<p class=\"wp-block-paragraph\"><strong>Pr\u00e1ce s ubytov\u00e1n\u00edm<\/strong> m\u016f\u017ee p\u0159in\u00e9st <strong>mnoho v\u00fdhod<\/strong> jak pro pracovn\u00edky, tak pro podniky. Pokud<strong> hled\u00e1te novou pr\u00e1ci<\/strong>, zva\u017ete, zda se uch\u00e1zet o pozici, kter\u00e1 zahrnuje pr\u00e1ci s ubytov\u00e1n\u00edm. Mo\u017en\u00e1 zjist\u00edte, \u017ee je to pro v\u00e1s <a href=\"https:\/\/arwa.cz\/pro-uchazece\/pracovni-nabidky\/\">ide\u00e1ln\u00ed pr\u00e1ce<\/a>! Person\u00e1ln\u00ed agentura <strong>Arwa<\/strong> se <strong>specializuje<\/strong> <strong>na<\/strong> <strong>pr\u00e1ci<\/strong> s ubytov\u00e1n\u00edm. Pokud m\u00e1te probl\u00e9m naj\u00edt svou vysn\u011bnou pr\u00e1ci, <strong>Arwa<\/strong> je tu pro v\u00e1s! Pom\u016f\u017ee v\u00e1m s pap\u00edrov\u00e1n\u00edm a provede v\u00e1s cel\u00fdm procesem. Vy tedy&nbsp; nemus\u00edte d\u011blat v\u016fbec nic! M\u00e1te-li z\u00e1jem naj\u00edt svou vysn\u011bnou pr\u00e1ci a z\u00e1rove\u0148 sv\u016fj domov, <a href=\"https:\/\/arwa.cz\/kontakt\/\">kontaktujte<\/a> jednu z <strong>nejlep\u0161\u00edch person\u00e1ln\u00edch agentur<\/strong>!&nbsp;<\/p>\n","protected":false},"excerpt":{"rendered":"<p>Pr\u00e1ce s ubytov\u00e1n\u00edm v \u010cesk\u00e9 republice je st\u00e1le popul\u00e1rn\u011bj\u0161\u00ed. D\u016fvodem je \u0159ada v\u00fdhod, kter\u00e9 pr\u00e1ce s ubytov\u00e1n\u00edm p\u0159in\u00e1\u0161\u00ed. Bydl\u00edte-li daleko a va\u0161e vysn\u011bn\u00e1 pr\u00e1ce je v jin\u00e9m m\u011bst\u011b \u010di jen pot\u0159ebujete zm\u011bnit zam\u011bstn\u00e1n\u00ed a neda\u0159\u00ed se v\u00e1m naj\u00edt to spr\u00e1vn\u00e9 bydlen\u00ed, pr\u00e1ce s ubytov\u00e1n\u00edm je t\u00edm p\u00e1dem pro v\u00e1s to nejlep\u0161\u00ed \u0159e\u0161en\u00ed! V tomto \u010dl\u00e1nku [&hellip;]<\/p>\n","protected":false},"author":16,"featured_media":97874,"comment_status":"open","ping_status":"closed","sticky":false,"template":"","format":"standard","meta":{"tdm_status":"","tdm_grid_status":"","footnotes":""},"categories":[118,167],"tags":[2437,2436,2438],"class_list":["post-97873","post","type-post","status-publish","format-standard","has-post-thumbnail","category-finance","category-rady-a-navody","tag-byt","tag-prace-s-ubytovanim","tag-zamestnani"],"amp_enabled":false,"_links":{"self":[{"href":"https:\/\/svet-zeny.cz\/index.php?rest_route=\/wp\/v2\/posts\/97873","targetHints":{"allow":["GET"]}}],"collection":[{"href":"https:\/\/svet-zeny.cz\/index.php?rest_route=\/wp\/v2\/posts"}],"about":[{"href":"https:\/\/svet-zeny.cz\/index.php?rest_route=\/wp\/v2\/types\/post"}],"author":[{"embeddable":true,"href":"https:\/\/svet-zeny.cz\/index.php?rest_route=\/wp\/v2\/users\/16"}],"replies":[{"embeddable":true,"href":"https:\/\/svet-zeny.cz\/index.php?rest_route=%2Fwp%2Fv2%2Fcomments&post=97873"}],"version-history":[{"count":0,"href":"https:\/\/svet-zeny.cz\/index.php?rest_route=\/wp\/v2\/posts\/97873\/revisions"}],"wp:featuredmedia":[{"embeddable":true,"href":"https:\/\/svet-zeny.cz\/index.php?rest_route=\/wp\/v2\/media\/97874"}],"wp:attachment":[{"href":"https:\/\/svet-zeny.cz\/index.php?rest_route=%2Fwp%2Fv2%2Fmedia&parent=97873"}],"wp:term":[{"taxonomy":"category","embeddable":true,"href":"https:\/\/svet-zeny.cz\/index.php?rest_route=%2Fwp%2Fv2%2Fcategories&post=97873"},{"taxonomy":"post_tag","embeddable":true,"href":"https:\/\/svet-zeny.cz\/index.php?rest_route=%2Fwp%2Fv2%2Ftags&post=97873"}],"curies":[{"name":"wp","href":"https:\/\/api.w.org\/{rel}","templated":true}]}}