{"id":101897,"date":"2026-01-31T21:26:42","date_gmt":"2026-01-31T21:26:42","guid":{"rendered":"https:\/\/svet-zeny.cz\/?p=101897"},"modified":"2026-01-31T21:26:42","modified_gmt":"2026-01-31T21:26:42","slug":"damske-sperky-ktere-zvladnou-bezny-den-i-slavnostni-vecer","status":"publish","type":"post","link":"https:\/\/svet-zeny.cz\/?p=101897","title":{"rendered":"D\u00e1msk\u00e9 \u0161perky, kter\u00e9 zvl\u00e1dnou b\u011b\u017en\u00fd den i slavnostn\u00ed ve\u010der"},"content":{"rendered":"\n<p class=\"wp-block-paragraph\">\u010casto si \u0161perky automaticky spojujeme se slavnostn\u00edmi okam\u017eiky \u2013 plesy, galave\u010dery, v\u00fdznamn\u00fdmi ud\u00e1lostmi, kde \u201eje pot\u0159eba se trochu v\u00edce ozdobit\u201c. Pravda je ale takov\u00e1, \u017ee kvalitn\u00ed d\u00e1msk\u00e9 \u0161perky um\u00ed b\u00fdt stejn\u011b skv\u011bl\u00e9 i b\u011bhem v\u0161edn\u00edho dne jako b\u011bhem plesov\u00e9 sezony. Um\u011bj\u00ed b\u00fdt nen\u00e1padn\u00fdm dopl\u0148kem, kter\u00fd dotv\u00e1\u0159\u00ed osobn\u00ed styl, a z\u00e1rove\u0148 v\u00fdrazn\u00fdm prvkem outfit\u016f na v\u00fdjime\u010dn\u00e9 p\u0159\u00edle\u017eitosti.<\/p>\n\n\n\n<h2 class=\"wp-block-heading\">Kvalita, kter\u00e1 se nos\u00ed s lehkost\u00ed<\/h2>\n\n\n\n<p class=\"wp-block-paragraph\">Materi\u00e1ly a precizn\u00ed zpracov\u00e1n\u00ed jsou u \u0161perk\u016f kl\u00ed\u010dov\u00e9 bez ohledu na to, zda je berete jako sou\u010d\u00e1st outfitu do pr\u00e1ce, na ob\u011bd s p\u0159\u00e1teli nebo na ve\u010dern\u00ed ples. Kdy\u017e \u0161perk dob\u0159e sed\u00ed, nevad\u00ed p\u0159i ka\u017edodenn\u00edch \u010dinnostech, a p\u0159itom si zachov\u00e1v\u00e1 eleganci, st\u00e1v\u00e1 se p\u0159irozenou sou\u010d\u00e1st\u00ed va\u0161eho vzhledu. Jemn\u00e9 <a href=\"https:\/\/www.agato.cz\/damske-nausnice\/\">n\u00e1u\u0161nice<\/a>, decentn\u00ed p\u0159\u00edv\u011bsek nebo tenk\u00fd n\u00e1ramek mohou b\u00fdt ka\u017edodenn\u00edm dopl\u0148kem, kter\u00fd neodv\u00e1d\u00ed pozornost, ale nen\u00e1padn\u011b podtrhuje osobnost.<\/p>\n\n\n\n<h2 class=\"wp-block-heading\">\u0160perky, kter\u00e9 z\u00e1\u0159\u00ed i ve slavnostn\u00ed chv\u00edli<\/h2>\n\n\n\n<p class=\"wp-block-paragraph\">Plesov\u00e1 sezona si \u0159\u00edk\u00e1 o n\u011bco v\u00edc. Del\u0161\u00ed ve\u010dern\u00ed toaleta, elegantn\u00ed \u00fa\u010des a celkov\u011b slavnostn\u00ed atmosf\u00e9ra d\u00e1vaj\u00ed \u0161perk\u016fm prostor uk\u00e1zat, co um\u00ed. V\u00fdrazn\u011bj\u0161\u00ed n\u00e1hrdeln\u00edk, sofistikovan\u00e9 n\u00e1u\u0161nice s kameny nebo n\u00e1ramek s minimem ozdob dok\u00e1\u017eou doplnit i ty nejslo\u017eit\u011bj\u0161\u00ed modely od\u011bv\u016f. Kdy\u017e jsou <a href=\"https:\/\/www.agato.cz\/damske-sperky\/\">d\u00e1msk\u00e9 \u0161perky<\/a> kvalitn\u00ed, a\u0165 u\u017e jde o kov, zpracov\u00e1n\u00ed nebo estetiku, nelze je p\u0159ehl\u00e9dnout ani v moment\u011b, kdy stoj\u00edte uprost\u0159ed parketu pln\u00e9ho lesku. Dob\u0159e zvolen\u00e9 <a href=\"https:\/\/www.agato.cz\/\">\u0161perky<\/a> um\u00ed vizu\u00e1ln\u011b propojit detaily. Nap\u0159\u00edklad drobn\u00fd lesk kamene m\u016f\u017ee doplnit st\u0159\u00edbrn\u00e9 nebo zlat\u00e9 prvky na \u0161atech, zat\u00edmco lad\u011bn\u00fd n\u00e1ramek m\u016f\u017ee doplnit outfit jako celek. To je ten moment, kdy \u0161perk p\u0159est\u00e1v\u00e1 b\u00fdt dopl\u0148kem a st\u00e1v\u00e1 se sou\u010d\u00e1st\u00ed celkov\u00e9ho vyzn\u011bn\u00ed outfitu.<\/p>\n\n\n\n<p class=\"wp-block-paragraph\">Kvalitn\u00ed \u0161perky si zaslou\u017e\u00ed p\u00e9\u010di, kter\u00e1 jim pom\u016f\u017ee z\u016fstat kr\u00e1sn\u00e9 co nejd\u00e9le. Sta\u010d\u00ed pravideln\u00e9 \u010di\u0161t\u011bn\u00ed, vhodn\u00e9 skladov\u00e1n\u00ed a ob\u010dasn\u00e9 zkontrolov\u00e1n\u00ed pevnosti zap\u00edn\u00e1n\u00ed nebo uchycen\u00ed kamen\u016f. Takov\u00e1 pozornost se vrac\u00ed ve form\u011b trvale kr\u00e1sn\u00e9ho a funk\u010dn\u00edho dopl\u0148ku.<\/p>\n\n\n\n<p class=\"wp-block-paragraph\">\u0160perky pro b\u011b\u017en\u00fd den i slavnostn\u00ed ve\u010der tak nejsou dv\u011b odd\u011blen\u00e9 kategorie. Jsou to prvky, kter\u00e9 dok\u00e1\u017eou b\u00fdt p\u0159izp\u016fsobiv\u00e9, trval\u00e9 a esteticky hodnotn\u00e9, a d\u00edky tomu si je \u017eena m\u016f\u017ee br\u00e1t kamkoli \u2013 ke k\u00e1v\u011b, na ples i na spole\u010densk\u00e9 ve\u010d\u00edrky.<\/p>\n","protected":false},"excerpt":{"rendered":"<p>\u010casto si \u0161perky automaticky spojujeme se slavnostn\u00edmi okam\u017eiky \u2013 plesy, galave\u010dery, v\u00fdznamn\u00fdmi ud\u00e1lostmi, kde \u201eje pot\u0159eba se trochu v\u00edce ozdobit\u201c. Pravda je ale takov\u00e1, \u017ee kvalitn\u00ed d\u00e1msk\u00e9 \u0161perky um\u00ed b\u00fdt stejn\u011b skv\u011bl\u00e9 i b\u011bhem v\u0161edn\u00edho dne jako b\u011bhem plesov\u00e9 sezony. Um\u011bj\u00ed b\u00fdt nen\u00e1padn\u00fdm dopl\u0148kem, kter\u00fd dotv\u00e1\u0159\u00ed osobn\u00ed styl, a z\u00e1rove\u0148 v\u00fdrazn\u00fdm prvkem outfit\u016f na v\u00fdjime\u010dn\u00e9 [&hellip;]<\/p>\n","protected":false},"author":16,"featured_media":101898,"comment_status":"open","ping_status":"open","sticky":false,"template":"","format":"standard","meta":{"tdm_status":"","tdm_grid_status":"","footnotes":""},"categories":[8],"tags":[],"class_list":["post-101897","post","type-post","status-publish","format-standard","has-post-thumbnail","category-moda-a-styl"],"amp_enabled":false,"_links":{"self":[{"href":"https:\/\/svet-zeny.cz\/index.php?rest_route=\/wp\/v2\/posts\/101897","targetHints":{"allow":["GET"]}}],"collection":[{"href":"https:\/\/svet-zeny.cz\/index.php?rest_route=\/wp\/v2\/posts"}],"about":[{"href":"https:\/\/svet-zeny.cz\/index.php?rest_route=\/wp\/v2\/types\/post"}],"author":[{"embeddable":true,"href":"https:\/\/svet-zeny.cz\/index.php?rest_route=\/wp\/v2\/users\/16"}],"replies":[{"embeddable":true,"href":"https:\/\/svet-zeny.cz\/index.php?rest_route=%2Fwp%2Fv2%2Fcomments&post=101897"}],"version-history":[{"count":0,"href":"https:\/\/svet-zeny.cz\/index.php?rest_route=\/wp\/v2\/posts\/101897\/revisions"}],"wp:featuredmedia":[{"embeddable":true,"href":"https:\/\/svet-zeny.cz\/index.php?rest_route=\/wp\/v2\/media\/101898"}],"wp:attachment":[{"href":"https:\/\/svet-zeny.cz\/index.php?rest_route=%2Fwp%2Fv2%2Fmedia&parent=101897"}],"wp:term":[{"taxonomy":"category","embeddable":true,"href":"https:\/\/svet-zeny.cz\/index.php?rest_route=%2Fwp%2Fv2%2Fcategories&post=101897"},{"taxonomy":"post_tag","embeddable":true,"href":"https:\/\/svet-zeny.cz\/index.php?rest_route=%2Fwp%2Fv2%2Ftags&post=101897"}],"curies":[{"name":"wp","href":"https:\/\/api.w.org\/{rel}","templated":true}]}}