{"id":101890,"date":"2026-01-31T07:39:24","date_gmt":"2026-01-31T07:39:24","guid":{"rendered":"https:\/\/svet-zeny.cz\/?p=101890"},"modified":"2026-01-31T07:39:24","modified_gmt":"2026-01-31T07:39:24","slug":"motorkarska-moda-pro-zeny-bezpecnost-a-styl","status":"publish","type":"post","link":"https:\/\/svet-zeny.cz\/?p=101890","title":{"rendered":"Motork\u00e1\u0159sk\u00e1 m\u00f3da pro \u017eeny: bezpe\u010dnost a styl"},"content":{"rendered":"\n<p class=\"wp-block-paragraph\">Motork\u00e1\u0159sk\u00fd sv\u011bt u\u017e d\u00e1vno nen\u00ed v\u00fdhradn\u011b mu\u017eskou z\u00e1le\u017eitost\u00ed. \u017deny dnes tvo\u0159\u00ed p\u0159irozenou sou\u010d\u00e1st motork\u00e1\u0159sk\u00e9 komunity a s t\u00edm roste i nab\u00eddka oble\u010den\u00ed, kter\u00e9 respektuje jejich pot\u0159eby, postavu i styl. Motork\u00e1\u0159sk\u00e1 m\u00f3da pro \u017eeny u\u017e nen\u00ed jen zmen\u0161enou verz\u00ed p\u00e1nsk\u00fdch model\u016f, ale samostatnou kategori\u00ed, kter\u00e1 spojuje bezpe\u010dnost, pohodl\u00ed a modern\u00ed vzhled. D\u00edky tomu se \u017eeny na motorce nemus\u00ed rozhodovat mezi ochranou a estetikou, mohou m\u00edt oboj\u00ed.<\/p>\n\n\n\n<h2 class=\"wp-block-heading\">Kdy\u017e bezpe\u010dnost nemus\u00ed znamenat kompromis<\/h2>\n\n\n\n<p class=\"wp-block-paragraph\">Bezpe\u010dnost je na motorce v\u017edy na prvn\u00edm m\u00edst\u011b, a to bez ohledu na pohlav\u00ed. U \u017een ale dlouho chyb\u011blo oble\u010den\u00ed, kter\u00e9 by ochrann\u00e9 prvky spojovalo s p\u0159irozen\u00fdm st\u0159ihem. Dnes u\u017e je situace jin\u00e1. Motork\u00e1\u0159sk\u00e9 oble\u010den\u00ed pro \u017eeny po\u010d\u00edt\u00e1 s odli\u0161n\u00fdmi proporcemi a nab\u00edz\u00ed ochranu tam, kde je skute\u010dn\u011b pot\u0159eba.<\/p>\n\n\n\n<p class=\"wp-block-paragraph\">Chr\u00e1ni\u010de, odoln\u00e9 materi\u00e1ly a zes\u00edlen\u00e9 \u0161vy jsou dnes standardem i u d\u00e1msk\u00fdch model\u016f. Rozd\u00edl je v tom, \u017ee oble\u010den\u00ed l\u00e9pe sed\u00ed, netla\u010d\u00ed a neomezuje v pohybu. Pr\u00e1v\u011b d\u00edky tomu se \u017eeny c\u00edt\u00ed na motorce jist\u011bji a mohou se soust\u0159edit na samotnou j\u00edzdu.<\/p>\n\n\n\n<h2 class=\"wp-block-heading\">Styl, kter\u00fd funguje i mimo motorku<\/h2>\n\n\n\n<p class=\"wp-block-paragraph\">Jedn\u00edm z hlavn\u00edch trend\u016f posledn\u00edch let je p\u0159irozen\u00fd p\u0159echod motork\u00e1\u0159sk\u00e9ho oble\u010den\u00ed do b\u011b\u017en\u00e9ho \u0161atn\u00edku. \u017deny u\u017e necht\u011bj\u00ed po sesednut\u00ed z motorky p\u016fsobit nepat\u0159i\u010dn\u011b nebo se hned p\u0159evl\u00e9kat. Oble\u010den\u00ed m\u00e1 fungovat nejen p\u0159i j\u00edzd\u011b, ale i p\u0159i b\u011b\u017en\u00e9m pohybu po m\u011bst\u011b.<\/p>\n\n\n\n<p class=\"wp-block-paragraph\"><a href=\"https:\/\/www.motozem.cz\/moto-mikiny\/\"><em><strong>Motork\u00e1\u0159sk\u00e1 mikina<\/strong><\/em><\/a> kombinuje civiln\u00ed vzhled s ochrann\u00fdmi vlastnostmi. Na prvn\u00ed pohled p\u0159ipom\u00edn\u00e1 b\u011b\u017enou mikinu, ale skr\u00fdv\u00e1 prvky, kter\u00e9 chr\u00e1n\u00ed p\u0159i p\u00e1du i p\u0159i nep\u0159\u00edzniv\u00e9m po\u010das\u00ed. D\u00edky tomu se st\u00e1v\u00e1 ide\u00e1ln\u00edm \u0159e\u0161en\u00edm pro ka\u017edodenn\u00ed je\u017ed\u011bn\u00ed i krat\u0161\u00ed v\u00fdlety.<\/p>\n\n\n\n<h2 class=\"wp-block-heading\">Jak vybrat motork\u00e1\u0159sk\u00e9 oble\u010den\u00ed podle stylu j\u00edzdy<\/h2>\n\n\n\n<p class=\"wp-block-paragraph\">Ka\u017ed\u00e1 \u017eena jezd\u00ed jinak a tomu by m\u011bl odpov\u00eddat i v\u00fdb\u011br oble\u010den\u00ed. N\u011bkdo vyu\u017e\u00edv\u00e1 motorku jako dopravn\u00ed prost\u0159edek do pr\u00e1ce, jin\u00e1 vyr\u00e1\u017e\u00ed na v\u00edkendov\u00e9 vyj\u00ed\u017e\u010fky nebo del\u0161\u00ed cesty. Pro ka\u017edou z t\u011bchto situac\u00ed existuje vhodn\u00e9 \u0159e\u0161en\u00ed.<\/p>\n\n\n\n<p class=\"wp-block-paragraph\">P\u0159i m\u011bstsk\u00e9m provozu ocen\u00ed\u0161 lehkost, prody\u0161nost a nen\u00e1padn\u00fd vzhled. Na del\u0161\u00ed trasy je d\u016fle\u017eit\u011bj\u0161\u00ed kombinace vrstev, ochrana proti v\u011btru a mo\u017enost regulace teploty. V\u017edy plat\u00ed, \u017ee oble\u010den\u00ed by m\u011blo odpov\u00eddat nejen stylu j\u00edzdy, ale i tomu, jak se v n\u011bm chce\u0161 c\u00edtit.<\/p>\n\n\n\n<h2 class=\"wp-block-heading\">\u017densk\u00fd st\u0159ih jako kl\u00ed\u010d k pohodl\u00ed<\/h2>\n\n\n\n<p class=\"wp-block-paragraph\">Jedn\u00edm z nejv\u011bt\u0161\u00edch rozd\u00edl\u016f mezi p\u00e1nsk\u00fdm a d\u00e1msk\u00fdm motork\u00e1\u0159sk\u00fdm oble\u010den\u00edm je st\u0159ih. \u0160patn\u011b padnouc\u00ed bunda nebo mikina m\u016f\u017ee nejen sni\u017eovat komfort, ale i omezovat funk\u010dnost ochrann\u00fdch prvk\u016f. D\u00e1msk\u00e9 modely jsou navr\u017een\u00e9 tak, aby chr\u00e1ni\u010de z\u016fstaly na spr\u00e1vn\u00e9m m\u00edst\u011b i p\u0159i pohybu.<\/p>\n\n\n\n<p class=\"wp-block-paragraph\">D\u00edky tomu se oble\u010den\u00ed p\u0159izp\u016fsobuje t\u011blu, nikoliv naopak. To je d\u016fle\u017eit\u00e9 nejen z hlediska bezpe\u010dnosti, ale i sebev\u011bdom\u00ed. Kdy\u017e se \u017eena v motork\u00e1\u0159sk\u00e9m oble\u010den\u00ed c\u00edt\u00ed dob\u0159e, je to zn\u00e1t na jej\u00edm projevu i stylu j\u00edzdy.<\/p>\n\n\n\n<h2 class=\"wp-block-heading\">M\u00f3da, kter\u00e1 podporuje sebev\u011bdom\u00ed na silnici<\/h2>\n\n\n\n<p class=\"wp-block-paragraph\">Motork\u00e1\u0159sk\u00e1 m\u00f3da pro \u017eeny dnes nen\u00ed jen o ochran\u011b, ale i o vyj\u00e1d\u0159en\u00ed osobnosti. Barvy, detaily a st\u0159ihy umo\u017e\u0148uj\u00ed ka\u017ed\u00e9 jezdkyni naj\u00edt styl, kter\u00fd j\u00ed sed\u00ed. Oble\u010den\u00ed se tak st\u00e1v\u00e1 sou\u010d\u00e1st\u00ed identity, ne jen nutnou v\u00fdbavou.<\/p>\n\n\n\n<p class=\"wp-block-paragraph\">Kdy\u017e se spoj\u00ed funk\u010dnost, bezpe\u010dnost a vzhled, vznik\u00e1 kombinace, kter\u00e1 d\u00e1v\u00e1 smysl. Motork\u00e1\u0159sk\u00e1 mikina je jedn\u00edm z p\u0159\u00edklad\u016f, jak m\u016f\u017ee modern\u00ed motork\u00e1\u0159sk\u00e1 m\u00f3da fungovat v praxi. D\u00edky n\u00ed se \u017eena c\u00edt\u00ed chr\u00e1n\u011bn\u00e1, stylov\u00e1 a sama sebou, a\u0165 u\u017e je na motorce nebo mimo ni.<\/p>\n\n\n\n<h2 class=\"wp-block-heading\">FAQ &#8211; Motork\u00e1\u0159sk\u00e1 m\u00f3da pro \u017eeny<\/h2>\n\n\n\n<p class=\"wp-block-paragraph\"><strong>Je motork\u00e1\u0159sk\u00e9 oble\u010den\u00ed pro \u017eeny stejn\u011b bezpe\u010dn\u00e9 jako p\u00e1nsk\u00e9?<\/strong><br \/>Ano, kvalitn\u00ed d\u00e1msk\u00e9 oble\u010den\u00ed nab\u00edz\u00ed stejnou \u00farove\u0148 ochrany. Rozd\u00edl je p\u0159edev\u0161\u00edm ve st\u0159ihu a p\u0159izp\u016fsoben\u00ed \u017eensk\u00e9 postav\u011b. D\u00edky tomu chr\u00e1ni\u010de l\u00e9pe sed\u00ed a funguj\u00ed spr\u00e1vn\u011b.<\/p>\n\n\n\n<p class=\"wp-block-paragraph\"><strong>Lze nosit motork\u00e1\u0159sk\u00e9 oble\u010den\u00ed i mimo motorku?<\/strong><br \/>Ano, mnoho modern\u00edch kousk\u016f je navr\u017eeno tak, aby p\u016fsobily civiln\u011b. \u017deny tak nemus\u00ed \u0159e\u0161it p\u0159evl\u00e9k\u00e1n\u00ed po ka\u017ed\u00e9 j\u00edzd\u011b. Oble\u010den\u00ed se st\u00e1v\u00e1 sou\u010d\u00e1st\u00ed b\u011b\u017en\u00e9ho outfitu.<\/p>\n\n\n\n<p class=\"wp-block-paragraph\"><strong>Jak\u00fd je rozd\u00edl mezi b\u011b\u017enou mikinou a motork\u00e1\u0159skou mikinou?<\/strong><br \/>Motork\u00e1\u0159sk\u00e1 mikina je vyrobena z odoln\u011bj\u0161\u00edch materi\u00e1l\u016f a \u010dasto obsahuje chr\u00e1ni\u010de. Na prvn\u00ed pohled m\u016f\u017ee vypadat nen\u00e1padn\u011b, ale nab\u00edz\u00ed vy\u0161\u0161\u00ed \u00farove\u0148 ochrany. To je z\u00e1sadn\u00ed rozd\u00edl p\u0159i j\u00edzd\u011b na motorce.<\/p>\n\n\n\n<p class=\"wp-block-paragraph\"><strong>Na co si d\u00e1t pozor p\u0159i v\u00fdb\u011bru motork\u00e1\u0159sk\u00e9ho oble\u010den\u00ed?<\/strong><br \/>D\u016fle\u017eit\u00e9 je spr\u00e1vn\u00e9 padnut\u00ed, kvalita materi\u00e1l\u016f a um\u00edst\u011bn\u00ed chr\u00e1ni\u010d\u016f. Oble\u010den\u00ed by nem\u011blo omezovat v pohybu. Styl by m\u011bl b\u00fdt a\u017e druhotn\u00fd, i kdy\u017e dnes u\u017e nemus\u00ed j\u00edt na \u00fakor bezpe\u010dnosti.<\/p>\n","protected":false},"excerpt":{"rendered":"<p>Motork\u00e1\u0159sk\u00fd sv\u011bt u\u017e d\u00e1vno nen\u00ed v\u00fdhradn\u011b mu\u017eskou z\u00e1le\u017eitost\u00ed. \u017deny dnes tvo\u0159\u00ed p\u0159irozenou sou\u010d\u00e1st motork\u00e1\u0159sk\u00e9 komunity a s t\u00edm roste i nab\u00eddka oble\u010den\u00ed, kter\u00e9 respektuje jejich pot\u0159eby, postavu i styl. Motork\u00e1\u0159sk\u00e1 m\u00f3da pro \u017eeny u\u017e nen\u00ed jen zmen\u0161enou verz\u00ed p\u00e1nsk\u00fdch model\u016f, ale samostatnou kategori\u00ed, kter\u00e1 spojuje bezpe\u010dnost, pohodl\u00ed a modern\u00ed vzhled. D\u00edky tomu se \u017eeny na [&hellip;]<\/p>\n","protected":false},"author":1,"featured_media":101891,"comment_status":"open","ping_status":"open","sticky":false,"template":"","format":"standard","meta":{"tdm_status":"","tdm_grid_status":"","footnotes":""},"categories":[8],"tags":[],"class_list":["post-101890","post","type-post","status-publish","format-standard","has-post-thumbnail","category-moda-a-styl"],"amp_enabled":false,"_links":{"self":[{"href":"https:\/\/svet-zeny.cz\/index.php?rest_route=\/wp\/v2\/posts\/101890","targetHints":{"allow":["GET"]}}],"collection":[{"href":"https:\/\/svet-zeny.cz\/index.php?rest_route=\/wp\/v2\/posts"}],"about":[{"href":"https:\/\/svet-zeny.cz\/index.php?rest_route=\/wp\/v2\/types\/post"}],"author":[{"embeddable":true,"href":"https:\/\/svet-zeny.cz\/index.php?rest_route=\/wp\/v2\/users\/1"}],"replies":[{"embeddable":true,"href":"https:\/\/svet-zeny.cz\/index.php?rest_route=%2Fwp%2Fv2%2Fcomments&post=101890"}],"version-history":[{"count":0,"href":"https:\/\/svet-zeny.cz\/index.php?rest_route=\/wp\/v2\/posts\/101890\/revisions"}],"wp:featuredmedia":[{"embeddable":true,"href":"https:\/\/svet-zeny.cz\/index.php?rest_route=\/wp\/v2\/media\/101891"}],"wp:attachment":[{"href":"https:\/\/svet-zeny.cz\/index.php?rest_route=%2Fwp%2Fv2%2Fmedia&parent=101890"}],"wp:term":[{"taxonomy":"category","embeddable":true,"href":"https:\/\/svet-zeny.cz\/index.php?rest_route=%2Fwp%2Fv2%2Fcategories&post=101890"},{"taxonomy":"post_tag","embeddable":true,"href":"https:\/\/svet-zeny.cz\/index.php?rest_route=%2Fwp%2Fv2%2Ftags&post=101890"}],"curies":[{"name":"wp","href":"https:\/\/api.w.org\/{rel}","templated":true}]}}