{"id":101626,"date":"2025-08-31T18:18:26","date_gmt":"2025-08-31T18:18:26","guid":{"rendered":"https:\/\/svet-zeny.cz\/?p=101626"},"modified":"2025-08-31T18:18:28","modified_gmt":"2025-08-31T18:18:28","slug":"funkcni-saty-a-stylova-funkcni-tricka-aneb-spojeni-pohodli-a-elegance","status":"publish","type":"post","link":"https:\/\/svet-zeny.cz\/?p=101626","title":{"rendered":"Funk\u010dn\u00ed \u0161aty a stylov\u00e1 funk\u010dn\u00ed tri\u010dka aneb Spojen\u00ed pohodl\u00ed a elegance"},"content":{"rendered":"\n<p class=\"wp-block-paragraph\">Funk\u010dn\u00ed oble\u010den\u00ed u\u017e d\u00e1vno nepat\u0159\u00ed jen do sportovn\u00ed v\u00fdbavy. Dne\u0161n\u00ed \u017eeny se po celou dobu cht\u011bj\u00ed c\u00edtit nejen elegantn\u011b, ale i pohodln\u011b, a pr\u00e1v\u011b proto jsou funk\u010dn\u00ed \u0161aty a stylov\u00e1 funk\u010dn\u00ed tri\u010dka st\u00e1le popul\u00e1rn\u011bj\u0161\u00ed. Vid\u00edte se v&nbsp;tom tak\u00e9? Pak \u010dt\u011bte d\u00e1l, jak si vybrat kr\u00e1sn\u00e9 a pohodln\u00e9 funk\u010dn\u00ed kousky.<\/p>\n\n\n\n<h2 class=\"wp-block-heading\">Co znamen\u00e1 \u201efunk\u010dn\u00ed\u201c v d\u00e1msk\u00e9 m\u00f3d\u011b?<\/h2>\n\n\n\n<p class=\"wp-block-paragraph\">Funk\u010dn\u00ed oble\u010den\u00ed se vyr\u00e1b\u00ed z materi\u00e1l\u016f, kter\u00e9 um\u00ed <strong>regulovat vlhkost, d\u00fdchaj\u00ed, rychle schnou<\/strong> a \u010dasto maj\u00ed i antibakteri\u00e1ln\u00ed vlastnosti. D\u00edky tomu se v n\u011bm c\u00edt\u00edte sv\u011b\u017ee po cel\u00fd den \u2013 a\u0165 u\u017e sed\u00edte v kancel\u00e1\u0159i, jdete na proch\u00e1zku s ko\u010d\u00e1rkem, nebo vyraz\u00edte s kamar\u00e1dkami na k\u00e1vu.<\/p>\n\n\n\n<h2 class=\"wp-block-heading\">Funk\u010dn\u00ed \u0161aty na ka\u017ed\u00fd den<\/h2>\n\n\n\n<p class=\"wp-block-paragraph\"><strong>Funk\u010dn\u00ed \u0161aty jsou skv\u011blou volbou pro \u017eeny, kter\u00e9 cht\u011bj\u00ed vypadat elegantn\u011b, ale z\u00e1rove\u0148 se necht\u011bj\u00ed omezovat v pohybu. <\/strong>Vyrazit v&nbsp;nich m\u016f\u017eete do pr\u00e1ce i na letn\u00ed dovolenou, jsou skv\u011bl\u00e9 i jako \u0161ikovn\u00fd kousek do \u0161atn\u00edku, kdy\u017e pot\u0159ebujete spojit prakti\u010dnost a \u017eenskost.<\/p>\n\n\n\n<p class=\"wp-block-paragraph\"><strong>Mezi jejich hlavn\u00ed v\u00fdhody pat\u0159\u00ed:<\/strong><\/p>\n\n\n\n<ul class=\"wp-block-list\">\n<li><strong>Lehk\u00e9 a prody\u0161n\u00e9 materi\u00e1ly<\/strong>, kter\u00e9 se hod\u00ed i do hork\u00fdch dn\u016f.<\/li>\n\n\n\n<li><strong>Rychleschnouc\u00ed tkaniny<\/strong>, kter\u00e9 ocen\u00edte na cest\u00e1ch i p\u0159i celodenn\u00edm no\u0161en\u00ed.<\/li>\n\n\n\n<li><strong>Pru\u017enost<\/strong> \u2013 \u0161aty se p\u0159izp\u016fsob\u00ed va\u0161\u00ed postav\u011b a nijak v\u00e1s neomezuj\u00ed.<\/li>\n\n\n\n<li><strong>Nad\u010dasov\u00fd design<\/strong> \u2013 kombinace elegance a sportovn\u00ed lehkosti.<\/li>\n<\/ul>\n\n\n\n<figure class=\"wp-block-image size-large\"><a href=\"https:\/\/svet-zeny.cz\/wp-content\/uploads\/2025\/08\/Zena.jpg\"><img loading=\"lazy\" decoding=\"async\" width=\"1024\" height=\"682\" src=\"https:\/\/svet-zeny.cz\/wp-content\/uploads\/2025\/08\/Zena-1024x682.jpg\" alt=\"\" class=\"wp-image-101627\" srcset=\"https:\/\/svet-zeny.cz\/wp-content\/uploads\/2025\/08\/Zena-1024x682.jpg 1024w, https:\/\/svet-zeny.cz\/wp-content\/uploads\/2025\/08\/Zena-300x200.jpg 300w, https:\/\/svet-zeny.cz\/wp-content\/uploads\/2025\/08\/Zena-768x512.jpg 768w, https:\/\/svet-zeny.cz\/wp-content\/uploads\/2025\/08\/Zena-1536x1024.jpg 1536w, https:\/\/svet-zeny.cz\/wp-content\/uploads\/2025\/08\/Zena-630x420.jpg 630w, https:\/\/svet-zeny.cz\/wp-content\/uploads\/2025\/08\/Zena-696x464.jpg 696w, https:\/\/svet-zeny.cz\/wp-content\/uploads\/2025\/08\/Zena-1068x712.jpg 1068w, https:\/\/svet-zeny.cz\/wp-content\/uploads\/2025\/08\/Zena-1920x1280.jpg 1920w, https:\/\/svet-zeny.cz\/wp-content\/uploads\/2025\/08\/Zena.jpg 2000w\" sizes=\"auto, (max-width: 1024px) 100vw, 1024px\" \/><\/a><\/figure>\n\n\n\n<h2 class=\"wp-block-heading\">Stylov\u00e1 funk\u010dn\u00ed tri\u010dka tvo\u0159\u00ed z\u00e1klad modern\u00edho \u0161atn\u00edku<\/h2>\n\n\n\n<p class=\"wp-block-paragraph\">Tri\u010dko je univerz\u00e1ln\u00ed kousek, ale <a href=\"https:\/\/www.moira.cz\/kategorie\/damska-tricka\/\"><strong>funk\u010dn\u00ed tri\u010dko<\/strong><\/a> <strong>povy\u0161uje pohodl\u00ed na vy\u0161\u0161\u00ed \u00farove\u0148.<\/strong> <strong>Pro\u010d si ho zamilujete? Funk\u010dn\u00ed tri\u010dka:<\/strong><\/p>\n\n\n\n<ul class=\"wp-block-list\">\n<li><strong>Odv\u00e1d\u00ed vlhkost<\/strong>, tak\u017ee se i v l\u00e9t\u011b budete c\u00edtit sv\u011b\u017ee.<\/li>\n\n\n\n<li><strong>Dr\u017e\u00ed tvar<\/strong> i po mnoha pran\u00edch.<\/li>\n\n\n\n<li><strong>Daj\u00ed se snadno kombinovat s\u00a0dal\u0161\u00edm oble\u010den\u00edm<\/strong> \u2013 hod\u00ed se k d\u017e\u00edn\u00e1m, sukni i leg\u00edn\u00e1m.<\/li>\n<\/ul>\n\n\n\n<p class=\"wp-block-paragraph\">Pokud nechcete \u0159e\u0161it, co si r\u00e1no obl\u00e9ct, jedno kvalitn\u00ed funk\u010dn\u00ed tri\u010dko se v\u00e1m stane zachr\u00e1ncem.<\/p>\n\n\n\n<h2 class=\"wp-block-heading\">Jak vyb\u00edrat funk\u010dn\u00ed \u0161aty a tri\u010dka?<\/h2>\n\n\n\n<ol start=\"1\" class=\"wp-block-list\">\n<li><strong>Nejprve se zam\u011b\u0159te na materi\u00e1l.<\/strong> Syntetika je ide\u00e1ln\u00ed pro sport, merino vlna \u010di sm\u011bsi pro univerz\u00e1ln\u00ed pou\u017eit\u00ed.<\/li>\n\n\n\n<li><strong>St\u0159ih<\/strong> vyb\u00edrejte podle sv\u00e9 postavy a p\u0159\u00edle\u017eitosti, kam budete kousek nosit.<\/li>\n\n\n\n<li><strong>Nepodce\u0148ujte ani barvy a design.<\/strong> Neutr\u00e1ln\u00ed t\u00f3ny se hod\u00ed do pr\u00e1ce, v\u00fdrazn\u011bj\u0161\u00ed barvy na voln\u00fd \u010das.<\/li>\n\n\n\n<li><strong>Jak n\u00e1ro\u010dn\u00fd je kousek na \u00fadr\u017ebu?<\/strong> D\u00e1 se pr\u00e1t v\u00a0pra\u010dce? Jak rychle schne?<\/li>\n<\/ol>\n\n\n\n<p class=\"wp-block-paragraph\">Funk\u010dn\u00ed <a href=\"https:\/\/betuska.cz\/co-si-sbalit-na-prodlouzeny-vikend\/\">\u0161aty<\/a> a stylov\u00e1 funk\u010dn\u00ed tri\u010dka jsou d\u016fkazem, \u017ee m\u00f3da m\u016f\u017ee b\u00fdt <strong>kr\u00e1sn\u00e1 i praktick\u00e1 z\u00e1rove\u0148<\/strong>. Pokud hled\u00e1te oble\u010den\u00ed, ve kter\u00e9m se budete c\u00edtit sv\u011b\u017ee, sebev\u011bdom\u011b a pohodln\u011b od r\u00e1na do ve\u010dera, ur\u010dit\u011b by ve va\u0161em \u0161atn\u00edku nem\u011bly chyb\u011bt.<\/p>\n","protected":false},"excerpt":{"rendered":"<p>Funk\u010dn\u00ed oble\u010den\u00ed u\u017e d\u00e1vno nepat\u0159\u00ed jen do sportovn\u00ed v\u00fdbavy. Dne\u0161n\u00ed \u017eeny se po celou dobu cht\u011bj\u00ed c\u00edtit nejen elegantn\u011b, ale i pohodln\u011b, a pr\u00e1v\u011b proto jsou funk\u010dn\u00ed \u0161aty a stylov\u00e1 funk\u010dn\u00ed tri\u010dka st\u00e1le popul\u00e1rn\u011bj\u0161\u00ed. Vid\u00edte se v&nbsp;tom tak\u00e9? Pak \u010dt\u011bte d\u00e1l, jak si vybrat kr\u00e1sn\u00e9 a pohodln\u00e9 funk\u010dn\u00ed kousky. Co znamen\u00e1 \u201efunk\u010dn\u00ed\u201c v d\u00e1msk\u00e9 m\u00f3d\u011b? [&hellip;]<\/p>\n","protected":false},"author":16,"featured_media":101628,"comment_status":"open","ping_status":"open","sticky":false,"template":"","format":"standard","meta":{"tdm_status":"","tdm_grid_status":"","footnotes":""},"categories":[8],"tags":[],"class_list":["post-101626","post","type-post","status-publish","format-standard","has-post-thumbnail","category-moda-a-styl"],"amp_enabled":false,"_links":{"self":[{"href":"https:\/\/svet-zeny.cz\/index.php?rest_route=\/wp\/v2\/posts\/101626","targetHints":{"allow":["GET"]}}],"collection":[{"href":"https:\/\/svet-zeny.cz\/index.php?rest_route=\/wp\/v2\/posts"}],"about":[{"href":"https:\/\/svet-zeny.cz\/index.php?rest_route=\/wp\/v2\/types\/post"}],"author":[{"embeddable":true,"href":"https:\/\/svet-zeny.cz\/index.php?rest_route=\/wp\/v2\/users\/16"}],"replies":[{"embeddable":true,"href":"https:\/\/svet-zeny.cz\/index.php?rest_route=%2Fwp%2Fv2%2Fcomments&post=101626"}],"version-history":[{"count":0,"href":"https:\/\/svet-zeny.cz\/index.php?rest_route=\/wp\/v2\/posts\/101626\/revisions"}],"wp:featuredmedia":[{"embeddable":true,"href":"https:\/\/svet-zeny.cz\/index.php?rest_route=\/wp\/v2\/media\/101628"}],"wp:attachment":[{"href":"https:\/\/svet-zeny.cz\/index.php?rest_route=%2Fwp%2Fv2%2Fmedia&parent=101626"}],"wp:term":[{"taxonomy":"category","embeddable":true,"href":"https:\/\/svet-zeny.cz\/index.php?rest_route=%2Fwp%2Fv2%2Fcategories&post=101626"},{"taxonomy":"post_tag","embeddable":true,"href":"https:\/\/svet-zeny.cz\/index.php?rest_route=%2Fwp%2Fv2%2Ftags&post=101626"}],"curies":[{"name":"wp","href":"https:\/\/api.w.org\/{rel}","templated":true}]}}