{"id":2,"count":255,"description":"Celebrity a jejich skand\u00e1ly. Celebrity kdo s k\u00fdm chod\u00ed. Celebrity kdo koho podv\u00e1d\u00ed. Magaz\u00edn Sv\u011bt \u017deny p\u0159in\u00e1\u0161\u00ed zpr\u00e1vy o dom\u00e1c\u00edch i zahrani\u010dn\u00edch celebrit\u00e1ch. Magaz\u00edn Sv\u011bt \u017deny p\u0159in\u00e1\u0161\u00ed \u017ehav\u00e9 novinky.","link":"https:\/\/svet-zeny.cz\/?cat=2","name":"Pro \u017eeny","slug":"pro-zeny","taxonomy":"category","parent":0,"meta":[],"_links":{"self":[{"href":"https:\/\/svet-zeny.cz\/index.php?rest_route=\/wp\/v2\/categories\/2","targetHints":{"allow":["GET"]}}],"collection":[{"href":"https:\/\/svet-zeny.cz\/index.php?rest_route=\/wp\/v2\/categories"}],"about":[{"href":"https:\/\/svet-zeny.cz\/index.php?rest_route=\/wp\/v2\/taxonomies\/category"}],"wp:post_type":[{"href":"https:\/\/svet-zeny.cz\/index.php?rest_route=%2Fwp%2Fv2%2Fposts&categories=2"}],"curies":[{"name":"wp","href":"https:\/\/api.w.org\/{rel}","templated":true}]}}